{"id":4326,"date":"2026-04-29T21:08:28","date_gmt":"2026-04-30T01:08:28","guid":{"rendered":"https:\/\/www.accessforkidscancer.ca\/?p=4326"},"modified":"2026-04-30T14:27:50","modified_gmt":"2026-04-30T18:27:50","slug":"un-message-de-la-directrice-generale-3","status":"publish","type":"post","link":"https:\/\/www.accessforkidscancer.ca\/fr\/un-message-de-la-directrice-generale-3\/","title":{"rendered":"Un message de la directrice g\u00e9n\u00e9rale"},"content":{"rendered":"<p style=\"text-align: right;\"><strong><em>\u00ab\u00a0On est venus ici comme r\u00e9fugi\u00e9s de guerre du Sri Lanka\u2026 Quelques ann\u00e9es plus tard, j\u2019ai eu un cancer\u2026 on pensait qu\u2019on avait surv\u00e9cu \u00e0 tout, \u00e0 toutes les guerres et aux batailles, et qu\u2019on avait trouv\u00e9 la libert\u00e9, mais en fait, on nous a mis dans un autre syst\u00e8me qui n\u2019\u00e9tait pas fait pour nous\u2026\u00a0\u00bb <\/em><\/strong>Vinesha Ramasamy, personne ayant une exp\u00e9rience v\u00e9cue.<\/p>\n<p>&nbsp;<\/p>\n<p>Lors de la r\u00e9union annuelle d\u2019ACCESS de cette ann\u00e9e, nous avons entendu Sarah, Vinesha et Callum, des survivants d\u2019un cancer infantile aujourd\u2019hui <a href=\"https:\/\/youtu.be\/VO5IVzvJRxM?si=ydqu5u812-DRy4Nl\">jeunes adultes, qui ont fait le point sur leur parcours<\/a>. Chaque histoire partag\u00e9e \u00e9tait aussi unique que les personnes qui la racontaient et a mis en lumi\u00e8re les besoins divers et complexes auxquels les patients et leurs familles sont confront\u00e9s apr\u00e8s un diagnostic de cancer. Cela a \u00e9galement soulign\u00e9 l\u2019importance de concevoir des syst\u00e8mes souples, accessibles et adapt\u00e9s aux besoins d\u2019une communaut\u00e9 plus large.<\/p>\n<p>Pour moi, ces r\u00e9flexions ont mis en avant plusieurs th\u00e8mes essentiels\u00a0: le r\u00f4le central de la recherche tout au long du parcours du cancer pour am\u00e9liorer les r\u00e9sultats; la n\u00e9cessit\u00e9 de s\u2019attaquer aux in\u00e9galit\u00e9s syst\u00e9miques; et l\u2019importance d\u2019une d\u00e9fense des int\u00e9r\u00eats continue pour apporter des changements significatifs.<\/p>\n<p>\u00c0 ACCES, les voix des enfants et des familles touch\u00e9s par le cancer \u00e0 travers le Canada se refl\u00e8tent dans tous nos projets et initiatives, dont certains sont mis en avant dans ce bulletin d\u2019information. Par exemple, l\u2019essai clinique OPTIMISE vise \u00e0 \u00e9largir l\u2019acc\u00e8s aux nouveaux traitements gr\u00e2ce au profilage mol\u00e9culaire n\u00e9cessaire \u00e0 la m\u00e9decine de pr\u00e9cision. Gr\u00e2ce \u00e0 notre engagement continu et \u00e0 nos consultations avec les communaut\u00e9s autochtones, les chercheurs s\u2019efforcent d\u2019\u00e9liminer les obstacles auxquels est confront\u00e9e cette population unique qui m\u00e9rite l\u2019\u00e9quit\u00e9. De plus, les chercheurs financ\u00e9s par ACCES continuent de d\u00e9velopper des outils et des ressources normalis\u00e9s fond\u00e9s sur des donn\u00e9es probantes, y compris le d\u00e9pistage de la d\u00e9tresse, afin d\u2019am\u00e9liorer le mieux-\u00eatre des patientes et patients et des familles tout au long du continuum de soins.<\/p>\n<p>Alors que nous planifions l\u2019ann\u00e9e \u00e0 venir, nos priorit\u00e9s restent claires\u00a0:<\/p>\n<ul>\n<li>Maintenir et renforcer notre r\u00e9seau de chercheurs, de professionnels de la sant\u00e9, de leaders du secteur et d\u2019organisations partenaires.<\/li>\n<li>Soutenir le d\u00e9veloppement et la mise en \u0153uvre d\u2019une fili\u00e8re de recherche solide pour l\u2019ensemble du parcours du cancer.<\/li>\n<li>Jouer un r\u00f4le essentiel de rassembleur et de chercheur de solutions sur les enjeux touchant la communaut\u00e9 du cancer p\u00e9diatrique au Canada en continuant \u00e0 renforcer et \u00e0 approfondir la mobilisation et les partenariats.<\/li>\n<li>\u00catre une voix de premier plan pour les cancers p\u00e9diatriques au Canada, en plaidant pour le progr\u00e8s, le changement syst\u00e9mique et l\u2019impact \u00e0 tous les niveaux.<\/li>\n<\/ul>\n<p>&nbsp;<\/p>\n<p>Enfin, nous vous remercions de votre soutien continu. Nous vous encourageons \u00e0 nous suivre sur nos r\u00e9seaux sociaux; chaque \u00ab\u00a0j\u2019aime\u00a0\u00bb et chaque publication partag\u00e9e contribue \u00e0 \u00e9largir notre audience et \u00e0 renforcer la mobilisation sur <a href=\"https:\/\/www.linkedin.com\/company\/access-acces\/\">LinkedIn<\/a>, <a href=\"https:\/\/www.instagram.com\/access_acces\/\">Instagram<\/a> et <a href=\"https:\/\/bsky.app\/profile\/access-acces.bsky.social\">Bluesky<\/a>. Vous pouvez \u00e9galement nous soutenir en participant \u00e0 des actions de d\u00e9fense des int\u00e9r\u00eats et de sensibilisation du public; des outils vous sont propos\u00e9s pour <a href=\"https:\/\/www.strongerthancancer.ca\/\">participer. <\/a><\/p>\n<p>Merci de nous aider \u00e0 b\u00e2tir un avenir \u00e9quitable et influent pour la recherche et les soins sur les cancers infantiles au Canada.<\/p>\n","protected":false},"excerpt":{"rendered":"<p>\u00ab\u00a0On est venus ici comme r\u00e9fugi\u00e9s de guerre du Sri Lanka\u2026 Quelques ann\u00e9es plus tard, j\u2019ai eu un cancer\u2026 on pensait qu\u2019on avait surv\u00e9cu \u00e0 tout, \u00e0 toutes les guerres et aux batailles, et qu\u2019on avait trouv\u00e9 la libert\u00e9, mais en fait, on nous a mis dans un autre syst\u00e8me qui n\u2019\u00e9tait pas fait pour<a class=\"excerpt-read-more\" href=\"https:\/\/www.accessforkidscancer.ca\/fr\/un-message-de-la-directrice-generale-3\/\" title=\"ReadUn message de la directrice g\u00e9n\u00e9rale\">&#8230; Read more <\/a><\/p>\n","protected":false},"author":6,"featured_media":0,"comment_status":"closed","ping_status":"closed","sticky":false,"template":"","format":"standard","meta":{"_acf_changed":false,"_monsterinsights_skip_tracking":false,"_monsterinsights_sitenote_active":false,"_monsterinsights_sitenote_note":"","_monsterinsights_sitenote_category":0,"footnotes":""},"categories":[103],"tags":[],"class_list":["post-4326","post","type-post","status-publish","format-standard","hentry","category-nouvelles"],"acf":[],"yoast_head":"<!-- This site is optimized with the Yoast SEO plugin v27.0 - https:\/\/yoast.com\/product\/yoast-seo-wordpress\/ -->\n<title>Un message de la directrice g\u00e9n\u00e9rale - Access<\/title>\n<meta name=\"robots\" content=\"index, follow, max-snippet:-1, max-image-preview:large, max-video-preview:-1\" \/>\n<link rel=\"canonical\" href=\"https:\/\/www.accessforkidscancer.ca\/fr\/un-message-de-la-directrice-generale-3\/\" \/>\n<meta property=\"og:locale\" content=\"fr_FR\" \/>\n<meta property=\"og:type\" content=\"article\" \/>\n<meta property=\"og:title\" content=\"Un message de la directrice g\u00e9n\u00e9rale - Access\" \/>\n<meta property=\"og:description\" content=\"\u00ab\u00a0On est venus ici comme r\u00e9fugi\u00e9s de guerre du Sri Lanka\u2026 Quelques ann\u00e9es plus tard, j\u2019ai eu un cancer\u2026 on pensait qu\u2019on avait surv\u00e9cu \u00e0 tout, \u00e0 toutes les guerres et aux batailles, et qu\u2019on avait trouv\u00e9 la libert\u00e9, mais en fait, on nous a mis dans un autre syst\u00e8me qui n\u2019\u00e9tait pas fait pour... Read more\" \/>\n<meta property=\"og:url\" content=\"https:\/\/www.accessforkidscancer.ca\/fr\/un-message-de-la-directrice-generale-3\/\" \/>\n<meta property=\"og:site_name\" content=\"Access\" \/>\n<meta property=\"article:published_time\" content=\"2026-04-30T01:08:28+00:00\" \/>\n<meta property=\"article:modified_time\" content=\"2026-04-30T18:27:50+00:00\" \/>\n<meta property=\"og:image\" content=\"https:\/\/www.accessforkidscancer.ca\/wp-content\/uploads\/2024\/08\/access-site-image.jpg\" \/>\n\t<meta property=\"og:image:width\" content=\"1200\" \/>\n\t<meta property=\"og:image:height\" content=\"675\" \/>\n\t<meta property=\"og:image:type\" content=\"image\/jpeg\" \/>\n<meta name=\"author\" content=\"Fatyma Khan\" \/>\n<meta name=\"twitter:card\" content=\"summary_large_image\" \/>\n<meta name=\"twitter:creator\" content=\"@acces_access\" \/>\n<meta name=\"twitter:site\" content=\"@acces_access\" \/>\n<meta name=\"twitter:label1\" content=\"\u00c9crit par\" \/>\n\t<meta name=\"twitter:data1\" content=\"Fatyma Khan\" \/>\n\t<meta name=\"twitter:label2\" content=\"Dur\u00e9e de lecture estim\u00e9e\" \/>\n\t<meta name=\"twitter:data2\" content=\"3 minutes\" \/>\n<script type=\"application\/ld+json\" class=\"yoast-schema-graph\">{\"@context\":\"https:\/\/schema.org\",\"@graph\":[{\"@type\":\"Article\",\"@id\":\"https:\/\/www.accessforkidscancer.ca\/fr\/un-message-de-la-directrice-generale-3\/#article\",\"isPartOf\":{\"@id\":\"https:\/\/www.accessforkidscancer.ca\/fr\/un-message-de-la-directrice-generale-3\/\"},\"author\":{\"name\":\"Fatyma Khan\",\"@id\":\"https:\/\/www.accessforkidscancer.ca\/fr\/#\/schema\/person\/24218013c31b0a5c720b1c1c080af386\"},\"headline\":\"Un message de la directrice g\u00e9n\u00e9rale\",\"datePublished\":\"2026-04-30T01:08:28+00:00\",\"dateModified\":\"2026-04-30T18:27:50+00:00\",\"mainEntityOfPage\":{\"@id\":\"https:\/\/www.accessforkidscancer.ca\/fr\/un-message-de-la-directrice-generale-3\/\"},\"wordCount\":607,\"publisher\":{\"@id\":\"https:\/\/www.accessforkidscancer.ca\/fr\/#organization\"},\"articleSection\":[\"Nouvelles\"],\"inLanguage\":\"fr-FR\"},{\"@type\":\"WebPage\",\"@id\":\"https:\/\/www.accessforkidscancer.ca\/fr\/un-message-de-la-directrice-generale-3\/\",\"url\":\"https:\/\/www.accessforkidscancer.ca\/fr\/un-message-de-la-directrice-generale-3\/\",\"name\":\"Un message de la directrice g\u00e9n\u00e9rale - Access\",\"isPartOf\":{\"@id\":\"https:\/\/www.accessforkidscancer.ca\/fr\/#website\"},\"datePublished\":\"2026-04-30T01:08:28+00:00\",\"dateModified\":\"2026-04-30T18:27:50+00:00\",\"breadcrumb\":{\"@id\":\"https:\/\/www.accessforkidscancer.ca\/fr\/un-message-de-la-directrice-generale-3\/#breadcrumb\"},\"inLanguage\":\"fr-FR\",\"potentialAction\":[{\"@type\":\"ReadAction\",\"target\":[\"https:\/\/www.accessforkidscancer.ca\/fr\/un-message-de-la-directrice-generale-3\/\"]}]},{\"@type\":\"BreadcrumbList\",\"@id\":\"https:\/\/www.accessforkidscancer.ca\/fr\/un-message-de-la-directrice-generale-3\/#breadcrumb\",\"itemListElement\":[{\"@type\":\"ListItem\",\"position\":1,\"name\":\"Home\",\"item\":\"http:\/\/www.accessforkidscancer.ca\/fr\/\"},{\"@type\":\"ListItem\",\"position\":2,\"name\":\"Un message de la directrice g\u00e9n\u00e9rale\"}]},{\"@type\":\"WebSite\",\"@id\":\"https:\/\/www.accessforkidscancer.ca\/fr\/#website\",\"url\":\"https:\/\/www.accessforkidscancer.ca\/fr\/\",\"name\":\"ACCESS\",\"description\":\"Advancing Childhood Cancer Experience, Science &amp; Survivorship\",\"publisher\":{\"@id\":\"https:\/\/www.accessforkidscancer.ca\/fr\/#organization\"},\"potentialAction\":[{\"@type\":\"SearchAction\",\"target\":{\"@type\":\"EntryPoint\",\"urlTemplate\":\"https:\/\/www.accessforkidscancer.ca\/fr\/?s={search_term_string}\"},\"query-input\":{\"@type\":\"PropertyValueSpecification\",\"valueRequired\":true,\"valueName\":\"search_term_string\"}}],\"inLanguage\":\"fr-FR\"},{\"@type\":\"Organization\",\"@id\":\"https:\/\/www.accessforkidscancer.ca\/fr\/#organization\",\"name\":\"ACCESS\",\"url\":\"https:\/\/www.accessforkidscancer.ca\/fr\/\",\"logo\":{\"@type\":\"ImageObject\",\"inLanguage\":\"fr-FR\",\"@id\":\"https:\/\/www.accessforkidscancer.ca\/fr\/#\/schema\/logo\/image\/\",\"url\":\"https:\/\/www.accessforkidscancer.ca\/wp-content\/uploads\/2024\/08\/access-organization-logo.png\",\"contentUrl\":\"https:\/\/www.accessforkidscancer.ca\/wp-content\/uploads\/2024\/08\/access-organization-logo.png\",\"width\":696,\"height\":696,\"caption\":\"ACCESS\"},\"image\":{\"@id\":\"https:\/\/www.accessforkidscancer.ca\/fr\/#\/schema\/logo\/image\/\"},\"sameAs\":[\"https:\/\/x.com\/acces_access\",\"https:\/\/www.instagram.com\/access_acces\/\",\"https:\/\/www.linkedin.com\/company\/access-acces\/\",\"https:\/\/www.youtube.com\/channel\/UC0SYgen8vfGlXtikQ8xtQ6A\"]},{\"@type\":\"Person\",\"@id\":\"https:\/\/www.accessforkidscancer.ca\/fr\/#\/schema\/person\/24218013c31b0a5c720b1c1c080af386\",\"name\":\"Fatyma Khan\",\"image\":{\"@type\":\"ImageObject\",\"inLanguage\":\"fr-FR\",\"@id\":\"https:\/\/www.accessforkidscancer.ca\/fr\/#\/schema\/person\/image\/\",\"url\":\"https:\/\/secure.gravatar.com\/avatar\/79c37f74186f5ee4e2b6cd406ec6d7ec4df6f8e457b4a9f757bed0c35b5ac32a?s=96&d=mm&r=g\",\"contentUrl\":\"https:\/\/secure.gravatar.com\/avatar\/79c37f74186f5ee4e2b6cd406ec6d7ec4df6f8e457b4a9f757bed0c35b5ac32a?s=96&d=mm&r=g\",\"caption\":\"Fatyma Khan\"},\"url\":\"https:\/\/www.accessforkidscancer.ca\/fr\/author\/fatymakhan\/\"}]}<\/script>\n<!-- \/ Yoast SEO plugin. -->","yoast_head_json":{"title":"Un message de la directrice g\u00e9n\u00e9rale - Access","robots":{"index":"index","follow":"follow","max-snippet":"max-snippet:-1","max-image-preview":"max-image-preview:large","max-video-preview":"max-video-preview:-1"},"canonical":"https:\/\/www.accessforkidscancer.ca\/fr\/un-message-de-la-directrice-generale-3\/","og_locale":"fr_FR","og_type":"article","og_title":"Un message de la directrice g\u00e9n\u00e9rale - Access","og_description":"\u00ab\u00a0On est venus ici comme r\u00e9fugi\u00e9s de guerre du Sri Lanka\u2026 Quelques ann\u00e9es plus tard, j\u2019ai eu un cancer\u2026 on pensait qu\u2019on avait surv\u00e9cu \u00e0 tout, \u00e0 toutes les guerres et aux batailles, et qu\u2019on avait trouv\u00e9 la libert\u00e9, mais en fait, on nous a mis dans un autre syst\u00e8me qui n\u2019\u00e9tait pas fait pour... Read more","og_url":"https:\/\/www.accessforkidscancer.ca\/fr\/un-message-de-la-directrice-generale-3\/","og_site_name":"Access","article_published_time":"2026-04-30T01:08:28+00:00","article_modified_time":"2026-04-30T18:27:50+00:00","og_image":[{"width":1200,"height":675,"url":"https:\/\/www.accessforkidscancer.ca\/wp-content\/uploads\/2024\/08\/access-site-image.jpg","type":"image\/jpeg"}],"author":"Fatyma Khan","twitter_card":"summary_large_image","twitter_creator":"@acces_access","twitter_site":"@acces_access","twitter_misc":{"\u00c9crit par":"Fatyma Khan","Dur\u00e9e de lecture estim\u00e9e":"3 minutes"},"schema":{"@context":"https:\/\/schema.org","@graph":[{"@type":"Article","@id":"https:\/\/www.accessforkidscancer.ca\/fr\/un-message-de-la-directrice-generale-3\/#article","isPartOf":{"@id":"https:\/\/www.accessforkidscancer.ca\/fr\/un-message-de-la-directrice-generale-3\/"},"author":{"name":"Fatyma Khan","@id":"https:\/\/www.accessforkidscancer.ca\/fr\/#\/schema\/person\/24218013c31b0a5c720b1c1c080af386"},"headline":"Un message de la directrice g\u00e9n\u00e9rale","datePublished":"2026-04-30T01:08:28+00:00","dateModified":"2026-04-30T18:27:50+00:00","mainEntityOfPage":{"@id":"https:\/\/www.accessforkidscancer.ca\/fr\/un-message-de-la-directrice-generale-3\/"},"wordCount":607,"publisher":{"@id":"https:\/\/www.accessforkidscancer.ca\/fr\/#organization"},"articleSection":["Nouvelles"],"inLanguage":"fr-FR"},{"@type":"WebPage","@id":"https:\/\/www.accessforkidscancer.ca\/fr\/un-message-de-la-directrice-generale-3\/","url":"https:\/\/www.accessforkidscancer.ca\/fr\/un-message-de-la-directrice-generale-3\/","name":"Un message de la directrice g\u00e9n\u00e9rale - Access","isPartOf":{"@id":"https:\/\/www.accessforkidscancer.ca\/fr\/#website"},"datePublished":"2026-04-30T01:08:28+00:00","dateModified":"2026-04-30T18:27:50+00:00","breadcrumb":{"@id":"https:\/\/www.accessforkidscancer.ca\/fr\/un-message-de-la-directrice-generale-3\/#breadcrumb"},"inLanguage":"fr-FR","potentialAction":[{"@type":"ReadAction","target":["https:\/\/www.accessforkidscancer.ca\/fr\/un-message-de-la-directrice-generale-3\/"]}]},{"@type":"BreadcrumbList","@id":"https:\/\/www.accessforkidscancer.ca\/fr\/un-message-de-la-directrice-generale-3\/#breadcrumb","itemListElement":[{"@type":"ListItem","position":1,"name":"Home","item":"http:\/\/www.accessforkidscancer.ca\/fr\/"},{"@type":"ListItem","position":2,"name":"Un message de la directrice g\u00e9n\u00e9rale"}]},{"@type":"WebSite","@id":"https:\/\/www.accessforkidscancer.ca\/fr\/#website","url":"https:\/\/www.accessforkidscancer.ca\/fr\/","name":"ACCESS","description":"Advancing Childhood Cancer Experience, Science &amp; Survivorship","publisher":{"@id":"https:\/\/www.accessforkidscancer.ca\/fr\/#organization"},"potentialAction":[{"@type":"SearchAction","target":{"@type":"EntryPoint","urlTemplate":"https:\/\/www.accessforkidscancer.ca\/fr\/?s={search_term_string}"},"query-input":{"@type":"PropertyValueSpecification","valueRequired":true,"valueName":"search_term_string"}}],"inLanguage":"fr-FR"},{"@type":"Organization","@id":"https:\/\/www.accessforkidscancer.ca\/fr\/#organization","name":"ACCESS","url":"https:\/\/www.accessforkidscancer.ca\/fr\/","logo":{"@type":"ImageObject","inLanguage":"fr-FR","@id":"https:\/\/www.accessforkidscancer.ca\/fr\/#\/schema\/logo\/image\/","url":"https:\/\/www.accessforkidscancer.ca\/wp-content\/uploads\/2024\/08\/access-organization-logo.png","contentUrl":"https:\/\/www.accessforkidscancer.ca\/wp-content\/uploads\/2024\/08\/access-organization-logo.png","width":696,"height":696,"caption":"ACCESS"},"image":{"@id":"https:\/\/www.accessforkidscancer.ca\/fr\/#\/schema\/logo\/image\/"},"sameAs":["https:\/\/x.com\/acces_access","https:\/\/www.instagram.com\/access_acces\/","https:\/\/www.linkedin.com\/company\/access-acces\/","https:\/\/www.youtube.com\/channel\/UC0SYgen8vfGlXtikQ8xtQ6A"]},{"@type":"Person","@id":"https:\/\/www.accessforkidscancer.ca\/fr\/#\/schema\/person\/24218013c31b0a5c720b1c1c080af386","name":"Fatyma Khan","image":{"@type":"ImageObject","inLanguage":"fr-FR","@id":"https:\/\/www.accessforkidscancer.ca\/fr\/#\/schema\/person\/image\/","url":"https:\/\/secure.gravatar.com\/avatar\/79c37f74186f5ee4e2b6cd406ec6d7ec4df6f8e457b4a9f757bed0c35b5ac32a?s=96&d=mm&r=g","contentUrl":"https:\/\/secure.gravatar.com\/avatar\/79c37f74186f5ee4e2b6cd406ec6d7ec4df6f8e457b4a9f757bed0c35b5ac32a?s=96&d=mm&r=g","caption":"Fatyma Khan"},"url":"https:\/\/www.accessforkidscancer.ca\/fr\/author\/fatymakhan\/"}]}},"_links":{"self":[{"href":"https:\/\/www.accessforkidscancer.ca\/fr\/wp-json\/wp\/v2\/posts\/4326","targetHints":{"allow":["GET"]}}],"collection":[{"href":"https:\/\/www.accessforkidscancer.ca\/fr\/wp-json\/wp\/v2\/posts"}],"about":[{"href":"https:\/\/www.accessforkidscancer.ca\/fr\/wp-json\/wp\/v2\/types\/post"}],"author":[{"embeddable":true,"href":"https:\/\/www.accessforkidscancer.ca\/fr\/wp-json\/wp\/v2\/users\/6"}],"replies":[{"embeddable":true,"href":"https:\/\/www.accessforkidscancer.ca\/fr\/wp-json\/wp\/v2\/comments?post=4326"}],"version-history":[{"count":0,"href":"https:\/\/www.accessforkidscancer.ca\/fr\/wp-json\/wp\/v2\/posts\/4326\/revisions"}],"wp:attachment":[{"href":"https:\/\/www.accessforkidscancer.ca\/fr\/wp-json\/wp\/v2\/media?parent=4326"}],"wp:term":[{"taxonomy":"category","embeddable":true,"href":"https:\/\/www.accessforkidscancer.ca\/fr\/wp-json\/wp\/v2\/categories?post=4326"},{"taxonomy":"post_tag","embeddable":true,"href":"https:\/\/www.accessforkidscancer.ca\/fr\/wp-json\/wp\/v2\/tags?post=4326"}],"curies":[{"name":"wp","href":"https:\/\/api.w.org\/{rel}","templated":true}]}}