{"id":3856,"date":"2025-07-29T11:29:16","date_gmt":"2025-07-29T15:29:16","guid":{"rendered":"https:\/\/www.accessforkidscancer.ca\/?p=3856"},"modified":"2025-07-30T17:00:27","modified_gmt":"2025-07-30T21:00:27","slug":"un-dialogue-sur-les-connexions","status":"publish","type":"post","link":"https:\/\/www.accessforkidscancer.ca\/fr\/un-dialogue-sur-les-connexions\/","title":{"rendered":"Un dialogue sur les connexions"},"content":{"rendered":"<p><strong>Auteur invit\u00e9s :<\/strong> Th\u00e9r\u00e8se Niquay &amp; Michel Duval<\/p>\n<p><em>Th\u00e9r\u00e8se Niquay est directrice des services et projets communautaires de la communaut\u00e9 atikamekw de Manawan.<\/em><\/p>\n<p><em>Michel Duval est h\u00e9matologue-oncologue p\u00e9diatrique, chercheur en immunoth\u00e9rapie et en partenariat avec les patients et les familles au CHU Sainte-Justine. Michel est co-directeur du Groupe de Mobilisation des Connaissances et membre du Comit\u00e9 de Leadership Senior d\u2019ACCESS.<\/em><\/p>\n<p>&nbsp;<\/p>\n<p>Dialoguer avec Th\u00e9r\u00e8se c&rsquo;est se promener en for\u00eat et ressentir la relation qui unit l&rsquo;\u00e9pinette au murmure de la rivi\u00e8re, le murmure de la rivi\u00e8re au miroir du lac, le lac \u00e0 la pr\u00e9sence \u00e9vidente du castor invisible, la pr\u00e9sence du castor au th\u00e9 du Labrador, le th\u00e9 du Labrador \u00e0 la sant\u00e9 humaine et la sant\u00e9 humaine au brame de l&rsquo;orignal.<\/p>\n<p>Impossible de reproduire sur le papier l&rsquo;\u00e9tat d&rsquo;\u00e9coute attentive et d\u00e9tendue qu\u2019engendrent ses paroles ses silences, ses rires. Copier-coller ses r\u00e9flexions pour en faire un texte lin\u00e9aire destin\u00e9 \u00e0 des lecteurs occidentaux, c\u2019est transformer le vol joyeux d&rsquo;un papillon dans un rayon de soleil d&rsquo;\u00e9t\u00e9 en progression p\u00e9nible et obstin\u00e9e d&rsquo;une chenille sur une feuille d&rsquo;ascl\u00e9piade.<\/p>\n<p>Il ne reste plus que 10 pour cent de l&rsquo;effet initial. Puisse ce 10 pour cent donner au lecteur l&rsquo;envie d&rsquo;aller \u00e0 la rencontre du 90 pour cent restant d\u00e8s qu&rsquo;il en aura l&rsquo;occasion. Il y a beaucoup de gens comme Th\u00e9r\u00e8se au Canada.<\/p>\n<p>&nbsp;<\/p>\n<p><strong>Un dialogue sur les connexions<\/strong><\/p>\n<p><em>Le texte suivant est une transcription l\u00e9g\u00e8rement modifi\u00e9e d&rsquo;une conversation r\u00e9elle (y compris les mots\/expressions sp\u00e9cifiques utilis\u00e9s).<\/em><\/p>\n<p><strong>Michel :<\/strong> Th\u00e9r\u00e8se, ACCESS qui finance notre recherche, nous demande d\u2019\u00e9crire quelque chose pour leur Newsletter sur ce que nous avons accompli dans ce projet. Nous n\u2019avons encore rien produit de concret, mais de mon c\u00f4t\u00e9, la r\u00e9ussite, c&rsquo;est d\u2019avoir appris beaucoup de choses. Surtout, j\u2019ai appris combien pour vous la relation est importante. Dans la culture o\u00f9 j&rsquo;ai \u00e9t\u00e9 \u00e9lev\u00e9, on met beaucoup l&rsquo;accent sur les individus\u00a0: la personne, les droits humains\u2026 Je ne dis pas que c&rsquo;est mal, mais on ne regarde que les individus. Vous, vous voyez la relation entre les individus. Maintenant quand je vois des patients Attikamekw, \u00e0 la clinique ici, \u00e0 force de vous conna\u00eetre, je ne m&rsquo;adresse plus au patient ou \u00e0 la maman ou au papa, je m&rsquo;adresse \u00e0 tous ensemble, tu vois ?<\/p>\n<p><strong>Th\u00e9r\u00e8se :<\/strong> Oui.<\/p>\n<p><strong>Michel :<\/strong> J&rsquo;ai \u00e9t\u00e9 \u00e9lev\u00e9 \u00e0 l&rsquo;occidentale avec des concepts, et un mot pour chaque concept. Je constate que de ne pas \u00eatre trop attach\u00e9 aux mots, aux concepts, avoir une vision un peu plus globale, voir les relations entre les choses et les gens, entre les gens entre eux, entre les gens et leur territoire, \u00e7a donne une force et une libert\u00e9 que je ne connaissais pas. C&rsquo;est bizarre de dire comme \u00e7a, mais la relation \u00e7a lib\u00e8re.<\/p>\n<p><strong>Th\u00e9r\u00e8se :<\/strong> La relation, oui, \u00e7a nous cr\u00e9e des libert\u00e9s. Nous parlons de relation, mais c&rsquo;est une connexion aussi.<\/p>\n<p><strong>Michel <\/strong>: Oui, une connexion. D\u00e9j\u00e0 la r\u00e9ussite pour moi c&rsquo;est que j&rsquo;ai appris \u00e7a. Apr\u00e8s il faudrait que je r\u00e9ussisse \u00e0\u2026.<\/p>\n<p><strong>Th\u00e9r\u00e8se :<\/strong> &#8230;le transmettre.<\/p>\n<p><strong>Michel :<\/strong> \u2026\u00e0 d&rsquo;autres. Je vais essayer de copier-coller \u00e7a sous forme de dialogue, en raccourcissant pour \u00eatre accessible \u00e0 des \u00ab Blancs \u00bb qui n&rsquo;ont pas beaucoup de temps. Je vais faire \u00e7a dans la semaine et je vais te le montrer.<\/p>\n<p><strong>Th\u00e9r\u00e8se :<\/strong> Nous, on r\u00e9fl\u00e9chit tr\u00e8s diff\u00e9remment.<\/p>\n<p><strong>Michel :<\/strong> Oui, depuis que je vous fr\u00e9quente, j&rsquo;ai l&rsquo;impression d&rsquo;avoir ouvert un \u0153il. C\u2019est comme si j&rsquo;avais march\u00e9 jusqu&rsquo;alors avec un seul \u0153il ouvert et d\u2019un coup j&rsquo;ouvre un autre \u0153il. Je continue \u00e0 voir aussi les choses par mon ancien \u0153il. Je vois les m\u00eames choses, mais maintenant elles ont du relief, parce que je commence \u00e0 \u00eatre capable de voir les relations entre les choses et les gens sans rester coinc\u00e9 dans ce qui les s\u00e9pare*.<\/p>\n<p><strong>Th\u00e9r\u00e8se :<\/strong> Ce que j&rsquo;aime aussi depuis qu&rsquo;on avance l\u00e0-dedans, c&rsquo;est la d\u00e9couverte. C\u2019est comment ton \u00e9quipe a pris contact avec les gens du milieu, d\u00e9couvert des choses, puis s\u2019est laiss\u00e9e guider par ces choses-l\u00e0. Ce que j&rsquo;ai aim\u00e9 l\u00e0-dedans, c&rsquo;est justement d&rsquo;\u00e9tablir un vrai lien avec les personnes comme ce jeune, qui a fait face \u00e0 la maladie, au cancer. Vous auriez pu tout simplement faire des suivis pour s&rsquo;assurer qu\u2019il est sur la bonne voie, mais vous avez cherch\u00e9 \u00e0 savoir comment il a v\u00e9cu \u00e7a. Ce que j&rsquo;appr\u00e9cie beaucoup, c&rsquo;est qu&rsquo;il y a une qu\u00eate l\u00e0-dedans de savoir, de connaissance, et qui passe par l&rsquo;\u00e9tablissement de liens significatifs entre le soign\u00e9, le soignant, ceux qui sont touch\u00e9s, sa famille. Notre travail ensemble sur le placenta et le sang de cordon, c&rsquo;est forme de reconnaissance que ce qui a \u00e9t\u00e9 utilis\u00e9 traditionnellement par la m\u00e9decine autochtone a trouv\u00e9 d&rsquo;autres applications dans la m\u00e9decine occidentale. C&rsquo;est riche. C&rsquo;est la rencontre d&rsquo;autres savoirs. Le but c&rsquo;est d&rsquo;aider, c&rsquo;est l&rsquo;humanit\u00e9 qui en profite de la rencontre de ces savoirs-l\u00e0.<\/p>\n<p><strong>Michel :<\/strong> La d\u00e9couverte, pour toi, c\u2019est la m\u00eame chose que la rencontre, la connexion.<\/p>\n<p><strong>Th\u00e9r\u00e8se :<\/strong> Oui. Et puis j&rsquo;aime \u00e7a rencontrer des personnes qui viennent d&rsquo;ailleurs, mais qui travaillent aussi dans diff\u00e9rents milieux. De partager des savoirs, des connaissances, mais d&rsquo;\u00eatre en lien avec les gens d&rsquo;abord. On revient \u00e0 la relation sacr\u00e9e entre chaque personne et avec le Territoire aussi.<\/p>\n<p><strong>Michel :<\/strong> Les relations entre les personnes sont sacr\u00e9es, c&rsquo;est \u00e7a ?<\/p>\n<p><strong>Th\u00e9r\u00e8se :<\/strong> Oui.<\/p>\n<p><strong>Michel :<\/strong> Et avec le Territoire aussi. C&rsquo;est fort \u00e7a.<\/p>\n<p><strong>Th\u00e9r\u00e8se :<\/strong> Oui c&rsquo;est fort.<\/p>\n<p><strong>Michel :<\/strong> Le sacr\u00e9, c&rsquo;est la connexion entre les personnes et avec le Territoire\u00a0\u00bb. Nous, comme on a tout coup\u00e9 \u00e7a et tout mis dans des petites bo\u00eetes s\u00e9par\u00e9es, on a perdu le sens du sacr\u00e9. Voil\u00e0 que je recommence avec mes concepts\u2026 Je ferais mieux de dire \u00e0 ceux qui vont nous lire\u00a0: nous sommes tous d\u00e9j\u00e0 en relation avec des personnes Autochtones, entretenons, nourrissons cette connexion. Oublions un temps la diff\u00e9rence entre relation, connexion, curiosit\u00e9, ouverture, recherche, d\u00e9couverte, et le sacr\u00e9.<\/p>\n<p>&nbsp;<\/p>\n<p><strong>Rencontre<\/strong><\/p>\n<p><strong>Auteur invit\u00e9 :<\/strong> Michel Duval<\/p>\n<p>Je marche dans le Nitaskinan, le Territoire des Atikamekws. Une motoneige arrive, la premi\u00e8re depuis plus d&rsquo;une heure. Je me tasse pour la laisser passer. Elle s&rsquo;arr\u00eate. Je ne connais pas celui qui la conduit. Nous nous saluons. Il me parle de mon chien, de l&rsquo;ami de mon chien, et des chiens avec qui l&rsquo;ami de mon chien se tient habituellement. Puis nous parlons de ceux qui s&rsquo;occupent de ces chiens. Insensiblement, il se renseigne sur qui je connais dans la communaut\u00e9. Je r\u00e9alise que je connais sa m\u00e8re, son p\u00e8re, une de ses s\u0153urs. Il m\u2019informe que la bonne \u00e9paisseur de neige facilite la pr\u00e9paration des \u00e9rables avant qu\u2019ils commencent \u00e0 couler. Je lui dis \u00ab On est bien ici \u00bb. Il me r\u00e9pond \u00a0\u00bb Oui quand on est dans la nature on trouve son\u2026 son\u2026 son\u2026\u00a0\u00bb, je lui dis \u00ab Oui, je ne sais pas quel est le mot pour \u00e7a mais je crois que je comprends ce que tu veux dire. \u00bb<\/p>\n<p>Apr\u00e8s son d\u00e9part je me demande s&rsquo;il savait d\u00e9j\u00e0 qui j&rsquo;\u00e9tais avant que nous parlions. Je souris. La question n&rsquo;est pas l\u00e0. En r\u00e9v\u00e9lant les relations qui nous unissent, il a cr\u00e9\u00e9 une connexion, qui, dans le contexte du territoire, nous a permis de partager nos sensations sans avoir besoin de mots. Et \u00e7a nous a fait du bien.<\/p>\n<p>&nbsp;<\/p>\n<p>*(Plusieurs personnes qui ont revu ce texte avant publication ont mentionn\u00e9 que la m\u00e9taphore des deux yeux est utilis\u00e9e depuis des d\u00e9cennies par des chercheurs Autochtones. Nous la gardons quand m\u00eame, joyeux qu\u2019elle soit venue spontan\u00e9ment dans un esprit occidental).<\/p>\n","protected":false},"excerpt":{"rendered":"<p>Auteur invit\u00e9s : Th\u00e9r\u00e8se Niquay &amp; Michel Duval Th\u00e9r\u00e8se Niquay est directrice des services et projets communautaires de la communaut\u00e9 atikamekw de Manawan. Michel Duval est h\u00e9matologue-oncologue p\u00e9diatrique, chercheur en immunoth\u00e9rapie et en partenariat avec les patients et les familles au CHU Sainte-Justine. Michel est co-directeur du Groupe de Mobilisation des Connaissances et membre du<a class=\"excerpt-read-more\" href=\"https:\/\/www.accessforkidscancer.ca\/fr\/un-dialogue-sur-les-connexions\/\" title=\"ReadUn dialogue sur les connexions\">&#8230; Read more <\/a><\/p>\n","protected":false},"author":6,"featured_media":0,"comment_status":"closed","ping_status":"closed","sticky":false,"template":"","format":"standard","meta":{"_acf_changed":false,"_monsterinsights_skip_tracking":false,"_monsterinsights_sitenote_active":false,"_monsterinsights_sitenote_note":"","_monsterinsights_sitenote_category":0,"footnotes":""},"categories":[103],"tags":[],"class_list":["post-3856","post","type-post","status-publish","format-standard","hentry","category-nouvelles"],"acf":[],"yoast_head":"<!-- This site is optimized with the Yoast SEO plugin v27.0 - https:\/\/yoast.com\/product\/yoast-seo-wordpress\/ -->\n<title>Un dialogue sur les connexions - Access<\/title>\n<meta name=\"robots\" content=\"index, follow, max-snippet:-1, max-image-preview:large, max-video-preview:-1\" \/>\n<link rel=\"canonical\" href=\"https:\/\/www.accessforkidscancer.ca\/fr\/un-dialogue-sur-les-connexions\/\" \/>\n<meta property=\"og:locale\" content=\"fr_FR\" \/>\n<meta property=\"og:type\" content=\"article\" \/>\n<meta property=\"og:title\" content=\"Un dialogue sur les connexions - Access\" \/>\n<meta property=\"og:description\" content=\"Auteur invit\u00e9s : Th\u00e9r\u00e8se Niquay &amp; Michel Duval Th\u00e9r\u00e8se Niquay est directrice des services et projets communautaires de la communaut\u00e9 atikamekw de Manawan. Michel Duval est h\u00e9matologue-oncologue p\u00e9diatrique, chercheur en immunoth\u00e9rapie et en partenariat avec les patients et les familles au CHU Sainte-Justine. Michel est co-directeur du Groupe de Mobilisation des Connaissances et membre du... Read more\" \/>\n<meta property=\"og:url\" content=\"https:\/\/www.accessforkidscancer.ca\/fr\/un-dialogue-sur-les-connexions\/\" \/>\n<meta property=\"og:site_name\" content=\"Access\" \/>\n<meta property=\"article:published_time\" content=\"2025-07-29T15:29:16+00:00\" \/>\n<meta property=\"article:modified_time\" content=\"2025-07-30T21:00:27+00:00\" \/>\n<meta property=\"og:image\" content=\"https:\/\/www.accessforkidscancer.ca\/wp-content\/uploads\/2024\/08\/access-site-image.jpg\" \/>\n\t<meta property=\"og:image:width\" content=\"1200\" \/>\n\t<meta property=\"og:image:height\" content=\"675\" \/>\n\t<meta property=\"og:image:type\" content=\"image\/jpeg\" \/>\n<meta name=\"author\" content=\"Fatyma Khan\" \/>\n<meta name=\"twitter:card\" content=\"summary_large_image\" \/>\n<meta name=\"twitter:creator\" content=\"@acces_access\" \/>\n<meta name=\"twitter:site\" content=\"@acces_access\" \/>\n<meta name=\"twitter:label1\" content=\"\u00c9crit par\" \/>\n\t<meta name=\"twitter:data1\" content=\"Fatyma Khan\" \/>\n\t<meta name=\"twitter:label2\" content=\"Dur\u00e9e de lecture estim\u00e9e\" \/>\n\t<meta name=\"twitter:data2\" content=\"6 minutes\" \/>\n<script type=\"application\/ld+json\" class=\"yoast-schema-graph\">{\"@context\":\"https:\/\/schema.org\",\"@graph\":[{\"@type\":\"Article\",\"@id\":\"https:\/\/www.accessforkidscancer.ca\/fr\/un-dialogue-sur-les-connexions\/#article\",\"isPartOf\":{\"@id\":\"https:\/\/www.accessforkidscancer.ca\/fr\/un-dialogue-sur-les-connexions\/\"},\"author\":{\"name\":\"Fatyma Khan\",\"@id\":\"http:\/\/www.accessforkidscancer.ca\/fr\/#\/schema\/person\/24218013c31b0a5c720b1c1c080af386\"},\"headline\":\"Un dialogue sur les connexions\",\"datePublished\":\"2025-07-29T15:29:16+00:00\",\"dateModified\":\"2025-07-30T21:00:27+00:00\",\"mainEntityOfPage\":{\"@id\":\"https:\/\/www.accessforkidscancer.ca\/fr\/un-dialogue-sur-les-connexions\/\"},\"wordCount\":1409,\"publisher\":{\"@id\":\"http:\/\/www.accessforkidscancer.ca\/fr\/#organization\"},\"articleSection\":[\"Nouvelles\"],\"inLanguage\":\"fr-FR\"},{\"@type\":\"WebPage\",\"@id\":\"https:\/\/www.accessforkidscancer.ca\/fr\/un-dialogue-sur-les-connexions\/\",\"url\":\"https:\/\/www.accessforkidscancer.ca\/fr\/un-dialogue-sur-les-connexions\/\",\"name\":\"Un dialogue sur les connexions - Access\",\"isPartOf\":{\"@id\":\"http:\/\/www.accessforkidscancer.ca\/fr\/#website\"},\"datePublished\":\"2025-07-29T15:29:16+00:00\",\"dateModified\":\"2025-07-30T21:00:27+00:00\",\"breadcrumb\":{\"@id\":\"https:\/\/www.accessforkidscancer.ca\/fr\/un-dialogue-sur-les-connexions\/#breadcrumb\"},\"inLanguage\":\"fr-FR\",\"potentialAction\":[{\"@type\":\"ReadAction\",\"target\":[\"https:\/\/www.accessforkidscancer.ca\/fr\/un-dialogue-sur-les-connexions\/\"]}]},{\"@type\":\"BreadcrumbList\",\"@id\":\"https:\/\/www.accessforkidscancer.ca\/fr\/un-dialogue-sur-les-connexions\/#breadcrumb\",\"itemListElement\":[{\"@type\":\"ListItem\",\"position\":1,\"name\":\"Home\",\"item\":\"http:\/\/www.accessforkidscancer.ca\/fr\/\"},{\"@type\":\"ListItem\",\"position\":2,\"name\":\"Un dialogue sur les connexions\"}]},{\"@type\":\"WebSite\",\"@id\":\"http:\/\/www.accessforkidscancer.ca\/fr\/#website\",\"url\":\"http:\/\/www.accessforkidscancer.ca\/fr\/\",\"name\":\"ACCESS\",\"description\":\"Advancing Childhood Cancer Experience, Science &amp; Survivorship\",\"publisher\":{\"@id\":\"http:\/\/www.accessforkidscancer.ca\/fr\/#organization\"},\"potentialAction\":[{\"@type\":\"SearchAction\",\"target\":{\"@type\":\"EntryPoint\",\"urlTemplate\":\"http:\/\/www.accessforkidscancer.ca\/fr\/?s={search_term_string}\"},\"query-input\":{\"@type\":\"PropertyValueSpecification\",\"valueRequired\":true,\"valueName\":\"search_term_string\"}}],\"inLanguage\":\"fr-FR\"},{\"@type\":\"Organization\",\"@id\":\"http:\/\/www.accessforkidscancer.ca\/fr\/#organization\",\"name\":\"ACCESS\",\"url\":\"http:\/\/www.accessforkidscancer.ca\/fr\/\",\"logo\":{\"@type\":\"ImageObject\",\"inLanguage\":\"fr-FR\",\"@id\":\"http:\/\/www.accessforkidscancer.ca\/fr\/#\/schema\/logo\/image\/\",\"url\":\"https:\/\/www.accessforkidscancer.ca\/wp-content\/uploads\/2024\/08\/access-organization-logo.png\",\"contentUrl\":\"https:\/\/www.accessforkidscancer.ca\/wp-content\/uploads\/2024\/08\/access-organization-logo.png\",\"width\":696,\"height\":696,\"caption\":\"ACCESS\"},\"image\":{\"@id\":\"http:\/\/www.accessforkidscancer.ca\/fr\/#\/schema\/logo\/image\/\"},\"sameAs\":[\"https:\/\/x.com\/acces_access\",\"https:\/\/www.instagram.com\/access_acces\/\",\"https:\/\/www.linkedin.com\/company\/access-acces\/\",\"https:\/\/www.youtube.com\/channel\/UC0SYgen8vfGlXtikQ8xtQ6A\"]},{\"@type\":\"Person\",\"@id\":\"http:\/\/www.accessforkidscancer.ca\/fr\/#\/schema\/person\/24218013c31b0a5c720b1c1c080af386\",\"name\":\"Fatyma Khan\",\"image\":{\"@type\":\"ImageObject\",\"inLanguage\":\"fr-FR\",\"@id\":\"http:\/\/www.accessforkidscancer.ca\/fr\/#\/schema\/person\/image\/\",\"url\":\"https:\/\/secure.gravatar.com\/avatar\/79c37f74186f5ee4e2b6cd406ec6d7ec4df6f8e457b4a9f757bed0c35b5ac32a?s=96&d=mm&r=g\",\"contentUrl\":\"https:\/\/secure.gravatar.com\/avatar\/79c37f74186f5ee4e2b6cd406ec6d7ec4df6f8e457b4a9f757bed0c35b5ac32a?s=96&d=mm&r=g\",\"caption\":\"Fatyma Khan\"},\"url\":\"https:\/\/www.accessforkidscancer.ca\/fr\/author\/fatymakhan\/\"}]}<\/script>\n<!-- \/ Yoast SEO plugin. -->","yoast_head_json":{"title":"Un dialogue sur les connexions - Access","robots":{"index":"index","follow":"follow","max-snippet":"max-snippet:-1","max-image-preview":"max-image-preview:large","max-video-preview":"max-video-preview:-1"},"canonical":"https:\/\/www.accessforkidscancer.ca\/fr\/un-dialogue-sur-les-connexions\/","og_locale":"fr_FR","og_type":"article","og_title":"Un dialogue sur les connexions - Access","og_description":"Auteur invit\u00e9s : Th\u00e9r\u00e8se Niquay &amp; Michel Duval Th\u00e9r\u00e8se Niquay est directrice des services et projets communautaires de la communaut\u00e9 atikamekw de Manawan. Michel Duval est h\u00e9matologue-oncologue p\u00e9diatrique, chercheur en immunoth\u00e9rapie et en partenariat avec les patients et les familles au CHU Sainte-Justine. Michel est co-directeur du Groupe de Mobilisation des Connaissances et membre du... Read more","og_url":"https:\/\/www.accessforkidscancer.ca\/fr\/un-dialogue-sur-les-connexions\/","og_site_name":"Access","article_published_time":"2025-07-29T15:29:16+00:00","article_modified_time":"2025-07-30T21:00:27+00:00","og_image":[{"width":1200,"height":675,"url":"https:\/\/www.accessforkidscancer.ca\/wp-content\/uploads\/2024\/08\/access-site-image.jpg","type":"image\/jpeg"}],"author":"Fatyma Khan","twitter_card":"summary_large_image","twitter_creator":"@acces_access","twitter_site":"@acces_access","twitter_misc":{"\u00c9crit par":"Fatyma Khan","Dur\u00e9e de lecture estim\u00e9e":"6 minutes"},"schema":{"@context":"https:\/\/schema.org","@graph":[{"@type":"Article","@id":"https:\/\/www.accessforkidscancer.ca\/fr\/un-dialogue-sur-les-connexions\/#article","isPartOf":{"@id":"https:\/\/www.accessforkidscancer.ca\/fr\/un-dialogue-sur-les-connexions\/"},"author":{"name":"Fatyma Khan","@id":"http:\/\/www.accessforkidscancer.ca\/fr\/#\/schema\/person\/24218013c31b0a5c720b1c1c080af386"},"headline":"Un dialogue sur les connexions","datePublished":"2025-07-29T15:29:16+00:00","dateModified":"2025-07-30T21:00:27+00:00","mainEntityOfPage":{"@id":"https:\/\/www.accessforkidscancer.ca\/fr\/un-dialogue-sur-les-connexions\/"},"wordCount":1409,"publisher":{"@id":"http:\/\/www.accessforkidscancer.ca\/fr\/#organization"},"articleSection":["Nouvelles"],"inLanguage":"fr-FR"},{"@type":"WebPage","@id":"https:\/\/www.accessforkidscancer.ca\/fr\/un-dialogue-sur-les-connexions\/","url":"https:\/\/www.accessforkidscancer.ca\/fr\/un-dialogue-sur-les-connexions\/","name":"Un dialogue sur les connexions - Access","isPartOf":{"@id":"http:\/\/www.accessforkidscancer.ca\/fr\/#website"},"datePublished":"2025-07-29T15:29:16+00:00","dateModified":"2025-07-30T21:00:27+00:00","breadcrumb":{"@id":"https:\/\/www.accessforkidscancer.ca\/fr\/un-dialogue-sur-les-connexions\/#breadcrumb"},"inLanguage":"fr-FR","potentialAction":[{"@type":"ReadAction","target":["https:\/\/www.accessforkidscancer.ca\/fr\/un-dialogue-sur-les-connexions\/"]}]},{"@type":"BreadcrumbList","@id":"https:\/\/www.accessforkidscancer.ca\/fr\/un-dialogue-sur-les-connexions\/#breadcrumb","itemListElement":[{"@type":"ListItem","position":1,"name":"Home","item":"http:\/\/www.accessforkidscancer.ca\/fr\/"},{"@type":"ListItem","position":2,"name":"Un dialogue sur les connexions"}]},{"@type":"WebSite","@id":"http:\/\/www.accessforkidscancer.ca\/fr\/#website","url":"http:\/\/www.accessforkidscancer.ca\/fr\/","name":"ACCESS","description":"Advancing Childhood Cancer Experience, Science &amp; Survivorship","publisher":{"@id":"http:\/\/www.accessforkidscancer.ca\/fr\/#organization"},"potentialAction":[{"@type":"SearchAction","target":{"@type":"EntryPoint","urlTemplate":"http:\/\/www.accessforkidscancer.ca\/fr\/?s={search_term_string}"},"query-input":{"@type":"PropertyValueSpecification","valueRequired":true,"valueName":"search_term_string"}}],"inLanguage":"fr-FR"},{"@type":"Organization","@id":"http:\/\/www.accessforkidscancer.ca\/fr\/#organization","name":"ACCESS","url":"http:\/\/www.accessforkidscancer.ca\/fr\/","logo":{"@type":"ImageObject","inLanguage":"fr-FR","@id":"http:\/\/www.accessforkidscancer.ca\/fr\/#\/schema\/logo\/image\/","url":"https:\/\/www.accessforkidscancer.ca\/wp-content\/uploads\/2024\/08\/access-organization-logo.png","contentUrl":"https:\/\/www.accessforkidscancer.ca\/wp-content\/uploads\/2024\/08\/access-organization-logo.png","width":696,"height":696,"caption":"ACCESS"},"image":{"@id":"http:\/\/www.accessforkidscancer.ca\/fr\/#\/schema\/logo\/image\/"},"sameAs":["https:\/\/x.com\/acces_access","https:\/\/www.instagram.com\/access_acces\/","https:\/\/www.linkedin.com\/company\/access-acces\/","https:\/\/www.youtube.com\/channel\/UC0SYgen8vfGlXtikQ8xtQ6A"]},{"@type":"Person","@id":"http:\/\/www.accessforkidscancer.ca\/fr\/#\/schema\/person\/24218013c31b0a5c720b1c1c080af386","name":"Fatyma Khan","image":{"@type":"ImageObject","inLanguage":"fr-FR","@id":"http:\/\/www.accessforkidscancer.ca\/fr\/#\/schema\/person\/image\/","url":"https:\/\/secure.gravatar.com\/avatar\/79c37f74186f5ee4e2b6cd406ec6d7ec4df6f8e457b4a9f757bed0c35b5ac32a?s=96&d=mm&r=g","contentUrl":"https:\/\/secure.gravatar.com\/avatar\/79c37f74186f5ee4e2b6cd406ec6d7ec4df6f8e457b4a9f757bed0c35b5ac32a?s=96&d=mm&r=g","caption":"Fatyma Khan"},"url":"https:\/\/www.accessforkidscancer.ca\/fr\/author\/fatymakhan\/"}]}},"_links":{"self":[{"href":"https:\/\/www.accessforkidscancer.ca\/fr\/wp-json\/wp\/v2\/posts\/3856","targetHints":{"allow":["GET"]}}],"collection":[{"href":"https:\/\/www.accessforkidscancer.ca\/fr\/wp-json\/wp\/v2\/posts"}],"about":[{"href":"https:\/\/www.accessforkidscancer.ca\/fr\/wp-json\/wp\/v2\/types\/post"}],"author":[{"embeddable":true,"href":"https:\/\/www.accessforkidscancer.ca\/fr\/wp-json\/wp\/v2\/users\/6"}],"replies":[{"embeddable":true,"href":"https:\/\/www.accessforkidscancer.ca\/fr\/wp-json\/wp\/v2\/comments?post=3856"}],"version-history":[{"count":0,"href":"https:\/\/www.accessforkidscancer.ca\/fr\/wp-json\/wp\/v2\/posts\/3856\/revisions"}],"wp:attachment":[{"href":"https:\/\/www.accessforkidscancer.ca\/fr\/wp-json\/wp\/v2\/media?parent=3856"}],"wp:term":[{"taxonomy":"category","embeddable":true,"href":"https:\/\/www.accessforkidscancer.ca\/fr\/wp-json\/wp\/v2\/categories?post=3856"},{"taxonomy":"post_tag","embeddable":true,"href":"https:\/\/www.accessforkidscancer.ca\/fr\/wp-json\/wp\/v2\/tags?post=3856"}],"curies":[{"name":"wp","href":"https:\/\/api.w.org\/{rel}","templated":true}]}}